{"id":87,"date":"2016-08-07T13:25:54","date_gmt":"2016-08-07T13:25:54","guid":{"rendered":"http:\/\/sopronitigrisek.hu\/web\/?p=87"},"modified":"2016-08-08T08:57:37","modified_gmt":"2016-08-08T08:57:37","slug":"aktualis-letoltheto-dokumentumok","status":"publish","type":"post","link":"https:\/\/sopronitigrisek.hu\/web\/aktualis-letoltheto-dokumentumok\/","title":{"rendered":"Sikeres \u00e9vet z\u00e1rtak"},"content":{"rendered":"<h3>Tigris m\u00f3dj\u00e1ra k\u00fczd\u00f6ttek &#8211; \u00e9vadz\u00e1r\u00f3 a Soproni Tigrisek SE-n\u00e9l<\/h3>\n<p>vadz\u00e1r\u00f3t tartott a Soproni Tigrisek SE a h\u00e9tv\u00e9g\u00e9n. A sportegyes\u00fclet 2011\/12-es \u00e9vad\u00e1nak \u00e9rt\u00e9kel\u00e9s\u00e9n az idei \u00e9vadban kiemelked\u0151en teljes\u00edt\u0151ket d\u00edjazt\u00e1k, illetve megk\u00f6sz\u00f6nt\u00e9k mindazok t\u00e1mogat\u00e1s\u00e1t, akiknek sz\u00edv\u00fcgye a sportegyes\u00fclet sikere.<\/p>\n<p><img loading=\"lazy\" decoding=\"async\" class=\"alignnone wp-image-506 size-full\" src=\"http:\/\/sopronitigrisek.hu\/web\/wp-content\/uploads\/2016\/08\/20120607tigrisek14c.jpg\" alt=\"20120607tigrisek14c\" width=\"500\" height=\"409\" srcset=\"https:\/\/sopronitigrisek.hu\/web\/wp-content\/uploads\/2016\/08\/20120607tigrisek14c.jpg 500w, https:\/\/sopronitigrisek.hu\/web\/wp-content\/uploads\/2016\/08\/20120607tigrisek14c-300x245.jpg 300w\" sizes=\"(max-width: 500px) 100vw, 500px\" \/><\/p>\n<p>Az esem\u00e9nyen Nagy Tam\u00e1s \u00e9rt\u00e9kelte az \u00e9vadod, besz\u00e1molt a sportol\u00f3k nagyszer\u0171 sikereir\u0151l, szerepl\u00e9seir\u0151l, Sopronnak is elismer\u00e9st jelent\u0151 megm\u00e9rettet\u00e9seir\u0151l, amelyekre m\u00e9lt\u00e1n lehet b\u00fcszke a Soproni Tigrisek SE \u00e9s a v\u00e1ros. Nagy Tam\u00e1s megk\u00f6sz\u00f6nte a t\u00e1mogat\u00f3k \u00e9s a v\u00e1ros, a v\u00e1ros vezet\u0151inek t\u00e1mogat\u00e1s\u00e1t, amelyben a helyi sport elismer\u00e9se \u00e9s a fiatal sportol\u00f3k j\u00f6v\u0151je ir\u00e1nti elk\u00f6telezetts\u00e9g t\u00fckr\u00f6z\u0151dik. Sz\u00e1mos ny\u00e1ri programot &#8211; kir\u00e1ndul\u00e1st, sportt\u00e1bort &#8211; is szerveznek a fiatal sporttigriseknek, amelyeket szint\u00e9n Nagy Tam\u00e1s ismertette az \u00e9vadz\u00e1r\u00f3n.<\/p>\n<p><img loading=\"lazy\" decoding=\"async\" class=\"alignnone size-full wp-image-507\" src=\"http:\/\/sopronitigrisek.hu\/web\/wp-content\/uploads\/2016\/08\/20120607tigrisek23c.jpg\" alt=\"20120607tigrisek23c\" width=\"500\" height=\"375\" srcset=\"https:\/\/sopronitigrisek.hu\/web\/wp-content\/uploads\/2016\/08\/20120607tigrisek23c.jpg 500w, https:\/\/sopronitigrisek.hu\/web\/wp-content\/uploads\/2016\/08\/20120607tigrisek23c-300x225.jpg 300w\" sizes=\"(max-width: 500px) 100vw, 500px\" \/><\/p>\n<p>Az esem\u00e9nyen Abdai G\u00e9za alpolg\u00e1rmester k\u00f6sz\u00f6nt\u00f6tte az egybegy\u0171lteket.<\/p>\n<p>\u00d6r\u00f6mteli l\u00e1tni, hogy mennyien sportolnak, hogy mennyien tartj\u00e1k fontosnak az eg\u00e9szs\u00e9ges \u00e9letm\u00f3dot, a mozg\u00e1st, a sportteljes\u00edtm\u00e9nyt, a megm\u00e9rettet\u00e9st \u00e9s a sporttal egy\u00fcttj\u00e1r\u00f3 fegyelmezetts\u00e9get \u2013 mondta a k\u00f6z\u00f6ss\u00e9gi \u00fcgyek\u00e9rt felel\u0151s alpolg\u00e1rmester.<\/p>\n<p><img loading=\"lazy\" decoding=\"async\" class=\"alignnone size-full wp-image-508\" src=\"http:\/\/sopronitigrisek.hu\/web\/wp-content\/uploads\/2016\/08\/20120607tigrisek46c.jpg\" alt=\"20120607tigrisek46c\" width=\"500\" height=\"406\" srcset=\"https:\/\/sopronitigrisek.hu\/web\/wp-content\/uploads\/2016\/08\/20120607tigrisek46c.jpg 500w, https:\/\/sopronitigrisek.hu\/web\/wp-content\/uploads\/2016\/08\/20120607tigrisek46c-300x244.jpg 300w\" sizes=\"(max-width: 500px) 100vw, 500px\" \/><\/p>\n<p>Abdai G\u00e9za megk\u00f6sz\u00f6nte a v\u00e1ros nev\u00e9ben, hogy a sportol\u00f3k eredm\u00e9nyeikkel a v\u00e1rosnak is j\u00f3 h\u00edrnevet szereznek \u00e9s megk\u00f6sz\u00f6nte a csal\u00e1dok, a sz\u00fcl\u0151k t\u00e1mogat\u00e1s\u00e1t, akik jelent\u0151s \u00e1ldozatot hoznak a fiatalok sportol\u00e1sa, sporteredm\u00e9nyei \u00e9s ezzel egy\u00fctt a v\u00e1ros h\u00edrnev\u00e9nek \u00f6regb\u00edt\u00e9se \u00e9rdek\u00e9ben.<\/p>\n<p><img loading=\"lazy\" decoding=\"async\" class=\"alignnone size-full wp-image-509\" src=\"http:\/\/sopronitigrisek.hu\/web\/wp-content\/uploads\/2016\/08\/20120607tigrisek33c.jpg\" alt=\"20120607tigrisek33c\" width=\"500\" height=\"430\" srcset=\"https:\/\/sopronitigrisek.hu\/web\/wp-content\/uploads\/2016\/08\/20120607tigrisek33c.jpg 500w, https:\/\/sopronitigrisek.hu\/web\/wp-content\/uploads\/2016\/08\/20120607tigrisek33c-300x258.jpg 300w\" sizes=\"(max-width: 500px) 100vw, 500px\" \/><\/p>\n<p>A Vadon Lovasklubban tartott szabadt\u00e9ri esem\u00e9nyen az idei d\u00edjakat is kiosztotta a sportegyes\u00fclet:<\/p>\n<p>Legjobb De\u00e1k t\u00e9ri el\u0151k\u00e9sz\u00edt\u0151s j\u00e1t\u00e9kos: Alm\u00e1si Noel<br \/>\nLegjobb Feny\u0151 t\u00e9ri el\u0151k\u00e9sz\u00edt\u0151s j\u00e1t\u00e9kos: Pichler Igor<br \/>\nLegjobb Szt. Orsoly\u00e1s el\u0151k\u00e9sz\u00edt\u0151s j\u00e1t\u00e9kos: F\u00e1bi\u00e1nkovits Benedek<br \/>\nLegjobb kenguru j\u00e1t\u00e9kos: Balogh Bence<br \/>\nLegjobb gyermek j\u00e1t\u00e9kos: Forstner \u00c1ron<br \/>\nLegjobb serd\u00fcl\u0151 j\u00e1t\u00e9kos: Geiger B\u00e1lint<br \/>\nLegjobb kadett j\u00e1t\u00e9kos: Farkas Bence<br \/>\nLegjobb U 18-as j\u00e1t\u00e9kos: Zieger Barna<br \/>\nLegjobb NB II-es j\u00e1t\u00e9kos: Erd\u0151si Gyula<br \/>\nAz &#8222;\u00c9v Tigrise&#8221; &#8211; Balogh S\u00e1ndor eml\u00e9kd\u00edj: D\u00e1vid Korn\u00e9l<br \/>\nAz \u00e9v edz\u0151je: P\u00e1lla Zolt\u00e1n<br \/>\nAz \u00e9v kiemelked\u0151 szponzora: S.M.J.V. \u00d6nkorm\u00e1nyzata<br \/>\nA &#8222;Tigrisek\u00e9rt&#8221; v\u00e9gzett kiemelked\u0151 munk\u00e1j\u00e1\u00e9rt: Hal\u00e1sz Tibor, E\u0151ri Zsolt, Dr. Keszei P\u00e9ter, Boronkay Guszt\u00e1v<\/p>\n<p><img loading=\"lazy\" decoding=\"async\" class=\"alignnone size-full wp-image-510\" src=\"http:\/\/sopronitigrisek.hu\/web\/wp-content\/uploads\/2016\/08\/20120607tigrisek08c.jpg\" alt=\"20120607tigrisek08c\" width=\"500\" height=\"380\" srcset=\"https:\/\/sopronitigrisek.hu\/web\/wp-content\/uploads\/2016\/08\/20120607tigrisek08c.jpg 500w, https:\/\/sopronitigrisek.hu\/web\/wp-content\/uploads\/2016\/08\/20120607tigrisek08c-300x228.jpg 300w\" sizes=\"(max-width: 500px) 100vw, 500px\" \/><\/p>\n","protected":false},"excerpt":{"rendered":"<p>Tigris m\u00f3dj\u00e1ra k\u00fczd\u00f6ttek &#8211; \u00e9vadz\u00e1r\u00f3 a Soproni Tigrisek SE-n\u00e9l vadz\u00e1r\u00f3t tartott a Soproni Tigrisek SE a h\u00e9tv\u00e9g\u00e9n. A sportegyes\u00fclet 2011\/12-es \u00e9vad\u00e1nak \u00e9rt\u00e9kel\u00e9s\u00e9n az idei \u00e9vadban kiemelked\u0151en teljes\u00edt\u0151ket d\u00edjazt\u00e1k, illetve megk\u00f6sz\u00f6nt\u00e9k mindazok t\u00e1mogat\u00e1s\u00e1t, akiknek sz\u00edv\u00fcgye a sportegyes\u00fclet sikere. Az esem\u00e9nyen Nagy Tam\u00e1s \u00e9rt\u00e9kelte az \u00e9vadod, besz\u00e1molt a sportol\u00f3k nagyszer\u0171 sikereir\u0151l, szerepl\u00e9seir\u0151l, Sopronnak is elismer\u00e9st jelent\u0151 megm\u00e9rettet\u00e9seir\u0151l, [&hellip;]<\/p>\n","protected":false},"author":1,"featured_media":0,"comment_status":"open","ping_status":"open","sticky":false,"template":"","format":"standard","meta":{"footnotes":""},"categories":[1],"tags":[],"_links":{"self":[{"href":"https:\/\/sopronitigrisek.hu\/web\/wp-json\/wp\/v2\/posts\/87"}],"collection":[{"href":"https:\/\/sopronitigrisek.hu\/web\/wp-json\/wp\/v2\/posts"}],"about":[{"href":"https:\/\/sopronitigrisek.hu\/web\/wp-json\/wp\/v2\/types\/post"}],"author":[{"embeddable":true,"href":"https:\/\/sopronitigrisek.hu\/web\/wp-json\/wp\/v2\/users\/1"}],"replies":[{"embeddable":true,"href":"https:\/\/sopronitigrisek.hu\/web\/wp-json\/wp\/v2\/comments?post=87"}],"version-history":[{"count":9,"href":"https:\/\/sopronitigrisek.hu\/web\/wp-json\/wp\/v2\/posts\/87\/revisions"}],"predecessor-version":[{"id":512,"href":"https:\/\/sopronitigrisek.hu\/web\/wp-json\/wp\/v2\/posts\/87\/revisions\/512"}],"wp:attachment":[{"href":"https:\/\/sopronitigrisek.hu\/web\/wp-json\/wp\/v2\/media?parent=87"}],"wp:term":[{"taxonomy":"category","embeddable":true,"href":"https:\/\/sopronitigrisek.hu\/web\/wp-json\/wp\/v2\/categories?post=87"},{"taxonomy":"post_tag","embeddable":true,"href":"https:\/\/sopronitigrisek.hu\/web\/wp-json\/wp\/v2\/tags?post=87"}],"curies":[{"name":"wp","href":"https:\/\/api.w.org\/{rel}","templated":true}]}}